{"id":199,"date":"2026-03-16T13:44:42","date_gmt":"2026-03-16T13:44:42","guid":{"rendered":"https:\/\/cisph.uniroma3.it\/?p=199"},"modified":"2026-03-16T13:44:43","modified_gmt":"2026-03-16T13:44:43","slug":"il-calendimaggio-di-assisi-prospettive-di-una-rievocazione-storica-macerata-23-marzo-2026","status":"publish","type":"post","link":"https:\/\/cisph.uniroma3.it\/?p=199","title":{"rendered":"Il Calendimaggio di Assisi: prospettive di una rievocazione storica &#8211; Macerata, 23 marzo 2026"},"content":{"rendered":"\n<div data-wp-interactive=\"core\/file\" class=\"wp-block-file\"><object data-wp-bind--hidden=\"!state.hasPdfPreview\" hidden class=\"wp-block-file__embed\" data=\"https:\/\/cisph.uniroma3.it\/wp-content\/uploads\/2026\/03\/Lezione-Sensi.pdf\" type=\"application\/pdf\" style=\"width:100%;height:1100px\" aria-label=\"Incorporamento PDF\"><\/object><\/div>\n\n\n\n<p>Segnaliamo che il 23 marzo alle ore 17.00, presso l&#8217;Aula 11 Polo Bertelli dell&#8217;Universit\u00e0 di Macerata, avr\u00e0 luogo la lezione del Prof. Tiziano Sensi (Universit\u00e0 di Perugia) dal titolo <em>Il Calendimaggio di Assisi: prospettive di una rievocazione storica<\/em>.<\/p>\n\n\n\n<p><\/p>\n","protected":false},"excerpt":{"rendered":"<p>Segnaliamo che il 23 marzo alle ore 17.00, presso l&#8217;Aula 11 Polo Bertelli dell&#8217;Universit\u00e0 di Macerata, avr\u00e0 luogo la lezione del Prof. Tiziano Sensi (Universit\u00e0 di Perugia) dal titolo Il Calendimaggio di Assisi: prospettive di una rievocazione storica.<\/p>\n","protected":false},"author":1,"featured_media":0,"comment_status":"open","ping_status":"closed","sticky":false,"template":"","format":"standard","meta":{"footnotes":""},"categories":[5],"tags":[],"class_list":["post-199","post","type-post","status-publish","format-standard","hentry","category-eventi"],"yoast_head":"<!-- This site is optimized with the Yoast SEO plugin v27.5 - https:\/\/yoast.com\/product\/yoast-seo-wordpress\/ -->\n<title>Il Calendimaggio di Assisi: prospettive di una rievocazione storica - Macerata, 23 marzo 2026 - CISPH | Centro Interuniversitario per la Ricerca e lo Sviluppo della Public History<\/title>\n<meta name=\"robots\" content=\"index, follow, max-snippet:-1, max-image-preview:large, max-video-preview:-1\" \/>\n<link rel=\"canonical\" href=\"https:\/\/cisph.uniroma3.it\/?p=199\" \/>\n<meta property=\"og:locale\" content=\"it_IT\" \/>\n<meta property=\"og:type\" content=\"article\" \/>\n<meta property=\"og:title\" content=\"Il Calendimaggio di Assisi: prospettive di una rievocazione storica - Macerata, 23 marzo 2026 - CISPH | Centro Interuniversitario per la Ricerca e lo Sviluppo della Public History\" \/>\n<meta property=\"og:description\" content=\"Segnaliamo che il 23 marzo alle ore 17.00, presso l&#8217;Aula 11 Polo Bertelli dell&#8217;Universit\u00e0 di Macerata, avr\u00e0 luogo la lezione del Prof. Tiziano Sensi (Universit\u00e0 di Perugia) dal titolo Il Calendimaggio di Assisi: prospettive di una rievocazione storica.\" \/>\n<meta property=\"og:url\" content=\"https:\/\/cisph.uniroma3.it\/?p=199\" \/>\n<meta property=\"og:site_name\" content=\"CISPH | Centro Interuniversitario per la Ricerca e lo Sviluppo della Public History\" \/>\n<meta property=\"article:published_time\" content=\"2026-03-16T13:44:42+00:00\" \/>\n<meta property=\"article:modified_time\" content=\"2026-03-16T13:44:43+00:00\" \/>\n<meta name=\"author\" content=\"Segreteria CISPH\" \/>\n<meta name=\"twitter:card\" content=\"summary_large_image\" \/>\n<meta name=\"twitter:label1\" content=\"Scritto da\" \/>\n\t<meta name=\"twitter:data1\" content=\"Segreteria CISPH\" \/>\n\t<meta name=\"twitter:label2\" content=\"Tempo di lettura stimato\" \/>\n\t<meta name=\"twitter:data2\" content=\"1 minuto\" \/>\n<script type=\"application\/ld+json\" class=\"yoast-schema-graph\">{\"@context\":\"https:\\\/\\\/schema.org\",\"@graph\":[{\"@type\":\"Article\",\"@id\":\"https:\\\/\\\/cisph.uniroma3.it\\\/?p=199#article\",\"isPartOf\":{\"@id\":\"https:\\\/\\\/cisph.uniroma3.it\\\/?p=199\"},\"author\":{\"name\":\"Segreteria CISPH\",\"@id\":\"https:\\\/\\\/cisph.uniroma3.it\\\/#\\\/schema\\\/person\\\/b76f780ad5bb56cba5fa3133d4f46649\"},\"headline\":\"Il Calendimaggio di Assisi: prospettive di una rievocazione storica &#8211; Macerata, 23 marzo 2026\",\"datePublished\":\"2026-03-16T13:44:42+00:00\",\"dateModified\":\"2026-03-16T13:44:43+00:00\",\"mainEntityOfPage\":{\"@id\":\"https:\\\/\\\/cisph.uniroma3.it\\\/?p=199\"},\"wordCount\":49,\"commentCount\":0,\"publisher\":{\"@id\":\"https:\\\/\\\/cisph.uniroma3.it\\\/#organization\"},\"articleSection\":[\"Eventi e News\"],\"inLanguage\":\"it-IT\",\"potentialAction\":[{\"@type\":\"CommentAction\",\"name\":\"Comment\",\"target\":[\"https:\\\/\\\/cisph.uniroma3.it\\\/?p=199#respond\"]}]},{\"@type\":\"WebPage\",\"@id\":\"https:\\\/\\\/cisph.uniroma3.it\\\/?p=199\",\"url\":\"https:\\\/\\\/cisph.uniroma3.it\\\/?p=199\",\"name\":\"Il Calendimaggio di Assisi: prospettive di una rievocazione storica - Macerata, 23 marzo 2026 - CISPH | Centro Interuniversitario per la Ricerca e lo Sviluppo della Public History\",\"isPartOf\":{\"@id\":\"https:\\\/\\\/cisph.uniroma3.it\\\/#website\"},\"datePublished\":\"2026-03-16T13:44:42+00:00\",\"dateModified\":\"2026-03-16T13:44:43+00:00\",\"breadcrumb\":{\"@id\":\"https:\\\/\\\/cisph.uniroma3.it\\\/?p=199#breadcrumb\"},\"inLanguage\":\"it-IT\",\"potentialAction\":[{\"@type\":\"ReadAction\",\"target\":[\"https:\\\/\\\/cisph.uniroma3.it\\\/?p=199\"]}]},{\"@type\":\"BreadcrumbList\",\"@id\":\"https:\\\/\\\/cisph.uniroma3.it\\\/?p=199#breadcrumb\",\"itemListElement\":[{\"@type\":\"ListItem\",\"position\":1,\"name\":\"Home\",\"item\":\"https:\\\/\\\/cisph.uniroma3.it\\\/\"},{\"@type\":\"ListItem\",\"position\":2,\"name\":\"Il Calendimaggio di Assisi: prospettive di una rievocazione storica &#8211; Macerata, 23 marzo 2026\"}]},{\"@type\":\"WebSite\",\"@id\":\"https:\\\/\\\/cisph.uniroma3.it\\\/#website\",\"url\":\"https:\\\/\\\/cisph.uniroma3.it\\\/\",\"name\":\"CISPH - Centro Interuniversitario per la Ricerca e lo Sviluppo della Public History\",\"description\":\"\",\"publisher\":{\"@id\":\"https:\\\/\\\/cisph.uniroma3.it\\\/#organization\"},\"potentialAction\":[{\"@type\":\"SearchAction\",\"target\":{\"@type\":\"EntryPoint\",\"urlTemplate\":\"https:\\\/\\\/cisph.uniroma3.it\\\/?s={search_term_string}\"},\"query-input\":{\"@type\":\"PropertyValueSpecification\",\"valueRequired\":true,\"valueName\":\"search_term_string\"}}],\"inLanguage\":\"it-IT\"},{\"@type\":\"Organization\",\"@id\":\"https:\\\/\\\/cisph.uniroma3.it\\\/#organization\",\"name\":\"CISPH - Centro Interuniversitario per la Ricerca e lo Sviluppo della Public History\",\"url\":\"https:\\\/\\\/cisph.uniroma3.it\\\/\",\"logo\":{\"@type\":\"ImageObject\",\"inLanguage\":\"it-IT\",\"@id\":\"https:\\\/\\\/cisph.uniroma3.it\\\/#\\\/schema\\\/logo\\\/image\\\/\",\"url\":\"https:\\\/\\\/cisph.uniroma3.it\\\/wp-content\\\/uploads\\\/2025\\\/04\\\/logocisph-t.png\",\"contentUrl\":\"https:\\\/\\\/cisph.uniroma3.it\\\/wp-content\\\/uploads\\\/2025\\\/04\\\/logocisph-t.png\",\"width\":2100,\"height\":1217,\"caption\":\"CISPH - Centro Interuniversitario per la Ricerca e lo Sviluppo della Public History\"},\"image\":{\"@id\":\"https:\\\/\\\/cisph.uniroma3.it\\\/#\\\/schema\\\/logo\\\/image\\\/\"}},{\"@type\":\"Person\",\"@id\":\"https:\\\/\\\/cisph.uniroma3.it\\\/#\\\/schema\\\/person\\\/b76f780ad5bb56cba5fa3133d4f46649\",\"name\":\"Segreteria CISPH\",\"image\":{\"@type\":\"ImageObject\",\"inLanguage\":\"it-IT\",\"@id\":\"https:\\\/\\\/secure.gravatar.com\\\/avatar\\\/0024262a5055ef9861502e5d3107c765a8774fe4b41f1f9f793b44c459a89789?s=96&d=mm&r=g\",\"url\":\"https:\\\/\\\/secure.gravatar.com\\\/avatar\\\/0024262a5055ef9861502e5d3107c765a8774fe4b41f1f9f793b44c459a89789?s=96&d=mm&r=g\",\"contentUrl\":\"https:\\\/\\\/secure.gravatar.com\\\/avatar\\\/0024262a5055ef9861502e5d3107c765a8774fe4b41f1f9f793b44c459a89789?s=96&d=mm&r=g\",\"caption\":\"Segreteria CISPH\"},\"sameAs\":[\"https:\\\/\\\/cisph.uniroma3.it\"],\"url\":\"https:\\\/\\\/cisph.uniroma3.it\\\/?author=1\"}]}<\/script>\n<!-- \/ Yoast SEO plugin. -->","yoast_head_json":{"title":"Il Calendimaggio di Assisi: prospettive di una rievocazione storica - Macerata, 23 marzo 2026 - CISPH | Centro Interuniversitario per la Ricerca e lo Sviluppo della Public History","robots":{"index":"index","follow":"follow","max-snippet":"max-snippet:-1","max-image-preview":"max-image-preview:large","max-video-preview":"max-video-preview:-1"},"canonical":"https:\/\/cisph.uniroma3.it\/?p=199","og_locale":"it_IT","og_type":"article","og_title":"Il Calendimaggio di Assisi: prospettive di una rievocazione storica - Macerata, 23 marzo 2026 - CISPH | Centro Interuniversitario per la Ricerca e lo Sviluppo della Public History","og_description":"Segnaliamo che il 23 marzo alle ore 17.00, presso l&#8217;Aula 11 Polo Bertelli dell&#8217;Universit\u00e0 di Macerata, avr\u00e0 luogo la lezione del Prof. Tiziano Sensi (Universit\u00e0 di Perugia) dal titolo Il Calendimaggio di Assisi: prospettive di una rievocazione storica.","og_url":"https:\/\/cisph.uniroma3.it\/?p=199","og_site_name":"CISPH | Centro Interuniversitario per la Ricerca e lo Sviluppo della Public History","article_published_time":"2026-03-16T13:44:42+00:00","article_modified_time":"2026-03-16T13:44:43+00:00","author":"Segreteria CISPH","twitter_card":"summary_large_image","twitter_misc":{"Scritto da":"Segreteria CISPH","Tempo di lettura stimato":"1 minuto"},"schema":{"@context":"https:\/\/schema.org","@graph":[{"@type":"Article","@id":"https:\/\/cisph.uniroma3.it\/?p=199#article","isPartOf":{"@id":"https:\/\/cisph.uniroma3.it\/?p=199"},"author":{"name":"Segreteria CISPH","@id":"https:\/\/cisph.uniroma3.it\/#\/schema\/person\/b76f780ad5bb56cba5fa3133d4f46649"},"headline":"Il Calendimaggio di Assisi: prospettive di una rievocazione storica &#8211; Macerata, 23 marzo 2026","datePublished":"2026-03-16T13:44:42+00:00","dateModified":"2026-03-16T13:44:43+00:00","mainEntityOfPage":{"@id":"https:\/\/cisph.uniroma3.it\/?p=199"},"wordCount":49,"commentCount":0,"publisher":{"@id":"https:\/\/cisph.uniroma3.it\/#organization"},"articleSection":["Eventi e News"],"inLanguage":"it-IT","potentialAction":[{"@type":"CommentAction","name":"Comment","target":["https:\/\/cisph.uniroma3.it\/?p=199#respond"]}]},{"@type":"WebPage","@id":"https:\/\/cisph.uniroma3.it\/?p=199","url":"https:\/\/cisph.uniroma3.it\/?p=199","name":"Il Calendimaggio di Assisi: prospettive di una rievocazione storica - Macerata, 23 marzo 2026 - CISPH | Centro Interuniversitario per la Ricerca e lo Sviluppo della Public History","isPartOf":{"@id":"https:\/\/cisph.uniroma3.it\/#website"},"datePublished":"2026-03-16T13:44:42+00:00","dateModified":"2026-03-16T13:44:43+00:00","breadcrumb":{"@id":"https:\/\/cisph.uniroma3.it\/?p=199#breadcrumb"},"inLanguage":"it-IT","potentialAction":[{"@type":"ReadAction","target":["https:\/\/cisph.uniroma3.it\/?p=199"]}]},{"@type":"BreadcrumbList","@id":"https:\/\/cisph.uniroma3.it\/?p=199#breadcrumb","itemListElement":[{"@type":"ListItem","position":1,"name":"Home","item":"https:\/\/cisph.uniroma3.it\/"},{"@type":"ListItem","position":2,"name":"Il Calendimaggio di Assisi: prospettive di una rievocazione storica &#8211; Macerata, 23 marzo 2026"}]},{"@type":"WebSite","@id":"https:\/\/cisph.uniroma3.it\/#website","url":"https:\/\/cisph.uniroma3.it\/","name":"CISPH - Centro Interuniversitario per la Ricerca e lo Sviluppo della Public History","description":"","publisher":{"@id":"https:\/\/cisph.uniroma3.it\/#organization"},"potentialAction":[{"@type":"SearchAction","target":{"@type":"EntryPoint","urlTemplate":"https:\/\/cisph.uniroma3.it\/?s={search_term_string}"},"query-input":{"@type":"PropertyValueSpecification","valueRequired":true,"valueName":"search_term_string"}}],"inLanguage":"it-IT"},{"@type":"Organization","@id":"https:\/\/cisph.uniroma3.it\/#organization","name":"CISPH - Centro Interuniversitario per la Ricerca e lo Sviluppo della Public History","url":"https:\/\/cisph.uniroma3.it\/","logo":{"@type":"ImageObject","inLanguage":"it-IT","@id":"https:\/\/cisph.uniroma3.it\/#\/schema\/logo\/image\/","url":"https:\/\/cisph.uniroma3.it\/wp-content\/uploads\/2025\/04\/logocisph-t.png","contentUrl":"https:\/\/cisph.uniroma3.it\/wp-content\/uploads\/2025\/04\/logocisph-t.png","width":2100,"height":1217,"caption":"CISPH - Centro Interuniversitario per la Ricerca e lo Sviluppo della Public History"},"image":{"@id":"https:\/\/cisph.uniroma3.it\/#\/schema\/logo\/image\/"}},{"@type":"Person","@id":"https:\/\/cisph.uniroma3.it\/#\/schema\/person\/b76f780ad5bb56cba5fa3133d4f46649","name":"Segreteria CISPH","image":{"@type":"ImageObject","inLanguage":"it-IT","@id":"https:\/\/secure.gravatar.com\/avatar\/0024262a5055ef9861502e5d3107c765a8774fe4b41f1f9f793b44c459a89789?s=96&d=mm&r=g","url":"https:\/\/secure.gravatar.com\/avatar\/0024262a5055ef9861502e5d3107c765a8774fe4b41f1f9f793b44c459a89789?s=96&d=mm&r=g","contentUrl":"https:\/\/secure.gravatar.com\/avatar\/0024262a5055ef9861502e5d3107c765a8774fe4b41f1f9f793b44c459a89789?s=96&d=mm&r=g","caption":"Segreteria CISPH"},"sameAs":["https:\/\/cisph.uniroma3.it"],"url":"https:\/\/cisph.uniroma3.it\/?author=1"}]}},"_links":{"self":[{"href":"https:\/\/cisph.uniroma3.it\/index.php?rest_route=\/wp\/v2\/posts\/199","targetHints":{"allow":["GET"]}}],"collection":[{"href":"https:\/\/cisph.uniroma3.it\/index.php?rest_route=\/wp\/v2\/posts"}],"about":[{"href":"https:\/\/cisph.uniroma3.it\/index.php?rest_route=\/wp\/v2\/types\/post"}],"author":[{"embeddable":true,"href":"https:\/\/cisph.uniroma3.it\/index.php?rest_route=\/wp\/v2\/users\/1"}],"replies":[{"embeddable":true,"href":"https:\/\/cisph.uniroma3.it\/index.php?rest_route=%2Fwp%2Fv2%2Fcomments&post=199"}],"version-history":[{"count":3,"href":"https:\/\/cisph.uniroma3.it\/index.php?rest_route=\/wp\/v2\/posts\/199\/revisions"}],"predecessor-version":[{"id":207,"href":"https:\/\/cisph.uniroma3.it\/index.php?rest_route=\/wp\/v2\/posts\/199\/revisions\/207"}],"wp:attachment":[{"href":"https:\/\/cisph.uniroma3.it\/index.php?rest_route=%2Fwp%2Fv2%2Fmedia&parent=199"}],"wp:term":[{"taxonomy":"category","embeddable":true,"href":"https:\/\/cisph.uniroma3.it\/index.php?rest_route=%2Fwp%2Fv2%2Fcategories&post=199"},{"taxonomy":"post_tag","embeddable":true,"href":"https:\/\/cisph.uniroma3.it\/index.php?rest_route=%2Fwp%2Fv2%2Ftags&post=199"}],"curies":[{"name":"wp","href":"https:\/\/api.w.org\/{rel}","templated":true}]}}